{"id":128,"date":"2021-12-03T08:22:18","date_gmt":"2021-12-03T07:22:18","guid":{"rendered":"https:\/\/krisscatering.pl\/?p=128"},"modified":"2021-12-03T08:25:44","modified_gmt":"2021-12-03T07:25:44","slug":"zamow-catering-specjalna-oferta-wigilijno-swiateczna","status":"publish","type":"post","link":"https:\/\/krisscatering.pl\/index.php\/2021\/12\/03\/zamow-catering-specjalna-oferta-wigilijno-swiateczna\/","title":{"rendered":"Zam\u00f3w Catering &#8211; Specjalna oferta Wigilijno &#8211; \u015awi\u0105teczna"},"content":{"rendered":"<p>Czas \u015awiat Bo\u017cego Narodzenia nadchodzi wielkimi krokami\ud83c\udf84\ud83c\udf84\ud83c\udf84 Dlatego w #KrissCatering przygotowali\u015bmy specjalna ofert\u0119 cateringu wigilijnego oraz \u015awi\u0105tecznego \ud83c\udf85\ud83c\udf7d Sp\u0119d\u017a szczeg\u00f3lne chwile w wy\u015bmienitym towarzystwie! Gotowanie zostaw nam. Ju\u017c teraz z\u0142\u00f3\u017c zam\u00f3wienia na st\u00f3\u0142: \ud83d\udc49wigilijny oraz \ud83d\udc49\u015bwi\u0105teczny. Zam\u00f3wienia przyjmujemy do \ud83d\udc49 20 grudnia 2020 r. do godz.15.00 pod nr. telefonu: 516 188 807 lub osobi\u015bcie.<\/p>\n<p>Poni\u017cej przestawiamy menu \u015bwi\u0105teczne i wigilijne<\/p>\n\n\t\t<style type=\"text\/css\">\n\t\t\t#gallery-1 {\n\t\t\t\tmargin: auto;\n\t\t\t}\n\t\t\t#gallery-1 .gallery-item {\n\t\t\t\tfloat: left;\n\t\t\t\tmargin-top: 10px;\n\t\t\t\ttext-align: center;\n\t\t\t\twidth: 33%;\n\t\t\t}\n\t\t\t#gallery-1 img {\n\t\t\t\tborder: 2px solid #cfcfcf;\n\t\t\t}\n\t\t\t#gallery-1 .gallery-caption {\n\t\t\t\tmargin-left: 0;\n\t\t\t}\n\t\t\t\/* see gallery_shortcode() in wp-includes\/media.php *\/\n\t\t<\/style>\n\t\t<div id='gallery-1' class='gallery galleryid-128 gallery-columns-3 gallery-size-thumbnail'><dl class='gallery-item'>\n\t\t\t<dt class='gallery-icon portrait'>\n\t\t\t\t<a href='https:\/\/krisscatering.pl\/index.php\/2021\/12\/03\/zamow-catering-specjalna-oferta-wigilijno-swiateczna\/8c4f1394-052b-49b5-8842-7ce804bc8cf2\/'><img width=\"150\" height=\"150\" src=\"https:\/\/krisscatering.pl\/wp-content\/uploads\/2021\/12\/8C4F1394-052B-49B5-8842-7CE804BC8CF2-150x150.jpeg\" class=\"attachment-thumbnail size-thumbnail\" alt=\"\" loading=\"lazy\" \/><\/a>\n\t\t\t<\/dt><\/dl><dl class='gallery-item'>\n\t\t\t<dt class='gallery-icon portrait'>\n\t\t\t\t<a href='https:\/\/krisscatering.pl\/index.php\/2021\/12\/03\/zamow-catering-specjalna-oferta-wigilijno-swiateczna\/f7636821-d3a3-43b5-abde-2b25fc43abee\/'><img width=\"150\" height=\"150\" src=\"https:\/\/krisscatering.pl\/wp-content\/uploads\/2021\/12\/F7636821-D3A3-43B5-ABDE-2B25FC43ABEE-150x150.png\" class=\"attachment-thumbnail size-thumbnail\" alt=\"\" loading=\"lazy\" \/><\/a>\n\t\t\t<\/dt><\/dl>\n\t\t\t<br style='clear: both' \/>\n\t\t<\/div>\n\n","protected":false},"excerpt":{"rendered":"<p>Czas \u015awiat Bo\u017cego Narodzenia nadchodzi wielkimi krokami\ud83c\udf84\ud83c\udf84\ud83c\udf84 Dlatego w #KrissCatering przygotowali\u015bmy specjalna ofert\u0119 cateringu wigilijnego oraz \u015awi\u0105tecznego \ud83c\udf85\ud83c\udf7d Sp\u0119d\u017a szczeg\u00f3lne chwile w wy\u015bmienitym towarzystwie! Gotowanie zostaw nam. Ju\u017c teraz z\u0142\u00f3\u017c zam\u00f3wienia na st\u00f3\u0142: \ud83d\udc49wigilijny oraz \ud83d\udc49\u015bwi\u0105teczny. Zam\u00f3wienia przyjmujemy do \ud83d\udc49 20 grudnia 2020 r. do godz.15.00 pod nr. telefonu: 516 188 807 lub osobi\u015bcie. Poni\u017cej [&hellip;]<\/p>\n","protected":false},"author":2,"featured_media":129,"comment_status":"open","ping_status":"open","sticky":false,"template":"","format":"standard","meta":{"_et_pb_use_builder":"","_et_pb_old_content":"","_et_gb_content_width":""},"categories":[3],"tags":[],"yoast_head":"<!-- This site is optimized with the Yoast SEO plugin v19.6 - https:\/\/yoast.com\/wordpress\/plugins\/seo\/ -->\n<title>Zam\u00f3w Catering - Specjalna oferta Wigilijno - \u015awi\u0105teczna - Kriss Catering<\/title>\n<meta name=\"robots\" content=\"index, follow, max-snippet:-1, max-image-preview:large, max-video-preview:-1\" \/>\n<link rel=\"canonical\" href=\"https:\/\/krisscatering.pl\/index.php\/2021\/12\/03\/zamow-catering-specjalna-oferta-wigilijno-swiateczna\/\" \/>\n<meta property=\"og:locale\" content=\"pl_PL\" \/>\n<meta property=\"og:type\" content=\"article\" \/>\n<meta property=\"og:title\" content=\"Zam\u00f3w Catering - Specjalna oferta Wigilijno - \u015awi\u0105teczna - Kriss Catering\" \/>\n<meta property=\"og:description\" content=\"Czas \u015awiat Bo\u017cego Narodzenia nadchodzi wielkimi krokami\ud83c\udf84\ud83c\udf84\ud83c\udf84 Dlatego w #KrissCatering przygotowali\u015bmy specjalna ofert\u0119 cateringu wigilijnego oraz \u015awi\u0105tecznego \ud83c\udf85\ud83c\udf7d Sp\u0119d\u017a szczeg\u00f3lne chwile w wy\u015bmienitym towarzystwie! Gotowanie zostaw nam. Ju\u017c teraz z\u0142\u00f3\u017c zam\u00f3wienia na st\u00f3\u0142: \ud83d\udc49wigilijny oraz \ud83d\udc49\u015bwi\u0105teczny. Zam\u00f3wienia przyjmujemy do \ud83d\udc49 20 grudnia 2020 r. do godz.15.00 pod nr. telefonu: 516 188 807 lub osobi\u015bcie. Poni\u017cej [&hellip;]\" \/>\n<meta property=\"og:url\" content=\"https:\/\/krisscatering.pl\/index.php\/2021\/12\/03\/zamow-catering-specjalna-oferta-wigilijno-swiateczna\/\" \/>\n<meta property=\"og:site_name\" content=\"Kriss Catering\" \/>\n<meta property=\"article:published_time\" content=\"2021-12-03T07:22:18+00:00\" \/>\n<meta property=\"article:modified_time\" content=\"2021-12-03T07:25:44+00:00\" \/>\n<meta property=\"og:image\" content=\"https:\/\/krisscatering.pl\/wp-content\/uploads\/2021\/12\/8C4F1394-052B-49B5-8842-7CE804BC8CF2.jpeg\" \/>\n\t<meta property=\"og:image:width\" content=\"1125\" \/>\n\t<meta property=\"og:image:height\" content=\"1688\" \/>\n\t<meta property=\"og:image:type\" content=\"image\/jpeg\" \/>\n<meta name=\"author\" content=\"Kriss Catering\" \/>\n<meta name=\"twitter:card\" content=\"summary_large_image\" \/>\n<meta name=\"twitter:label1\" content=\"Napisane przez\" \/>\n\t<meta name=\"twitter:data1\" content=\"Kriss Catering\" \/>\n<script type=\"application\/ld+json\" class=\"yoast-schema-graph\">{\"@context\":\"https:\/\/schema.org\",\"@graph\":[{\"@type\":\"WebPage\",\"@id\":\"https:\/\/krisscatering.pl\/index.php\/2021\/12\/03\/zamow-catering-specjalna-oferta-wigilijno-swiateczna\/\",\"url\":\"https:\/\/krisscatering.pl\/index.php\/2021\/12\/03\/zamow-catering-specjalna-oferta-wigilijno-swiateczna\/\",\"name\":\"Zam\u00f3w Catering - Specjalna oferta Wigilijno - \u015awi\u0105teczna - Kriss Catering\",\"isPartOf\":{\"@id\":\"https:\/\/krisscatering.pl\/#website\"},\"datePublished\":\"2021-12-03T07:22:18+00:00\",\"dateModified\":\"2021-12-03T07:25:44+00:00\",\"author\":{\"@id\":\"https:\/\/krisscatering.pl\/#\/schema\/person\/05474c09f8d58351911f9b8d750036a7\"},\"breadcrumb\":{\"@id\":\"https:\/\/krisscatering.pl\/index.php\/2021\/12\/03\/zamow-catering-specjalna-oferta-wigilijno-swiateczna\/#breadcrumb\"},\"inLanguage\":\"pl-PL\",\"potentialAction\":[{\"@type\":\"ReadAction\",\"target\":[\"https:\/\/krisscatering.pl\/index.php\/2021\/12\/03\/zamow-catering-specjalna-oferta-wigilijno-swiateczna\/\"]}]},{\"@type\":\"BreadcrumbList\",\"@id\":\"https:\/\/krisscatering.pl\/index.php\/2021\/12\/03\/zamow-catering-specjalna-oferta-wigilijno-swiateczna\/#breadcrumb\",\"itemListElement\":[{\"@type\":\"ListItem\",\"position\":1,\"name\":\"Strona g\u0142\u00f3wna\",\"item\":\"https:\/\/krisscatering.pl\/\"},{\"@type\":\"ListItem\",\"position\":2,\"name\":\"Zam\u00f3w Catering &#8211; Specjalna oferta Wigilijno &#8211; \u015awi\u0105teczna\"}]},{\"@type\":\"WebSite\",\"@id\":\"https:\/\/krisscatering.pl\/#website\",\"url\":\"https:\/\/krisscatering.pl\/\",\"name\":\"Kriss Catering\",\"description\":\"Pizza, obiady domowe, catering\",\"potentialAction\":[{\"@type\":\"SearchAction\",\"target\":{\"@type\":\"EntryPoint\",\"urlTemplate\":\"https:\/\/krisscatering.pl\/?s={search_term_string}\"},\"query-input\":\"required name=search_term_string\"}],\"inLanguage\":\"pl-PL\"},{\"@type\":\"Person\",\"@id\":\"https:\/\/krisscatering.pl\/#\/schema\/person\/05474c09f8d58351911f9b8d750036a7\",\"name\":\"Kriss Catering\",\"image\":{\"@type\":\"ImageObject\",\"inLanguage\":\"pl-PL\",\"@id\":\"https:\/\/krisscatering.pl\/#\/schema\/person\/image\/\",\"url\":\"https:\/\/secure.gravatar.com\/avatar\/c30a2d92ffe24343d2b605bea4367ec3?s=96&d=mm&r=g\",\"contentUrl\":\"https:\/\/secure.gravatar.com\/avatar\/c30a2d92ffe24343d2b605bea4367ec3?s=96&d=mm&r=g\",\"caption\":\"Kriss Catering\"},\"url\":\"https:\/\/krisscatering.pl\/index.php\/author\/krisscateringo2-pl\/\"}]}<\/script>\n<!-- \/ Yoast SEO plugin. -->","yoast_head_json":{"title":"Zam\u00f3w Catering - Specjalna oferta Wigilijno - \u015awi\u0105teczna - Kriss Catering","robots":{"index":"index","follow":"follow","max-snippet":"max-snippet:-1","max-image-preview":"max-image-preview:large","max-video-preview":"max-video-preview:-1"},"canonical":"https:\/\/krisscatering.pl\/index.php\/2021\/12\/03\/zamow-catering-specjalna-oferta-wigilijno-swiateczna\/","og_locale":"pl_PL","og_type":"article","og_title":"Zam\u00f3w Catering - Specjalna oferta Wigilijno - \u015awi\u0105teczna - Kriss Catering","og_description":"Czas \u015awiat Bo\u017cego Narodzenia nadchodzi wielkimi krokami\ud83c\udf84\ud83c\udf84\ud83c\udf84 Dlatego w #KrissCatering przygotowali\u015bmy specjalna ofert\u0119 cateringu wigilijnego oraz \u015awi\u0105tecznego \ud83c\udf85\ud83c\udf7d Sp\u0119d\u017a szczeg\u00f3lne chwile w wy\u015bmienitym towarzystwie! Gotowanie zostaw nam. Ju\u017c teraz z\u0142\u00f3\u017c zam\u00f3wienia na st\u00f3\u0142: \ud83d\udc49wigilijny oraz \ud83d\udc49\u015bwi\u0105teczny. Zam\u00f3wienia przyjmujemy do \ud83d\udc49 20 grudnia 2020 r. do godz.15.00 pod nr. telefonu: 516 188 807 lub osobi\u015bcie. Poni\u017cej [&hellip;]","og_url":"https:\/\/krisscatering.pl\/index.php\/2021\/12\/03\/zamow-catering-specjalna-oferta-wigilijno-swiateczna\/","og_site_name":"Kriss Catering","article_published_time":"2021-12-03T07:22:18+00:00","article_modified_time":"2021-12-03T07:25:44+00:00","og_image":[{"width":1125,"height":1688,"url":"https:\/\/krisscatering.pl\/wp-content\/uploads\/2021\/12\/8C4F1394-052B-49B5-8842-7CE804BC8CF2.jpeg","type":"image\/jpeg"}],"author":"Kriss Catering","twitter_card":"summary_large_image","twitter_misc":{"Napisane przez":"Kriss Catering"},"schema":{"@context":"https:\/\/schema.org","@graph":[{"@type":"WebPage","@id":"https:\/\/krisscatering.pl\/index.php\/2021\/12\/03\/zamow-catering-specjalna-oferta-wigilijno-swiateczna\/","url":"https:\/\/krisscatering.pl\/index.php\/2021\/12\/03\/zamow-catering-specjalna-oferta-wigilijno-swiateczna\/","name":"Zam\u00f3w Catering - Specjalna oferta Wigilijno - \u015awi\u0105teczna - Kriss Catering","isPartOf":{"@id":"https:\/\/krisscatering.pl\/#website"},"datePublished":"2021-12-03T07:22:18+00:00","dateModified":"2021-12-03T07:25:44+00:00","author":{"@id":"https:\/\/krisscatering.pl\/#\/schema\/person\/05474c09f8d58351911f9b8d750036a7"},"breadcrumb":{"@id":"https:\/\/krisscatering.pl\/index.php\/2021\/12\/03\/zamow-catering-specjalna-oferta-wigilijno-swiateczna\/#breadcrumb"},"inLanguage":"pl-PL","potentialAction":[{"@type":"ReadAction","target":["https:\/\/krisscatering.pl\/index.php\/2021\/12\/03\/zamow-catering-specjalna-oferta-wigilijno-swiateczna\/"]}]},{"@type":"BreadcrumbList","@id":"https:\/\/krisscatering.pl\/index.php\/2021\/12\/03\/zamow-catering-specjalna-oferta-wigilijno-swiateczna\/#breadcrumb","itemListElement":[{"@type":"ListItem","position":1,"name":"Strona g\u0142\u00f3wna","item":"https:\/\/krisscatering.pl\/"},{"@type":"ListItem","position":2,"name":"Zam\u00f3w Catering &#8211; Specjalna oferta Wigilijno &#8211; \u015awi\u0105teczna"}]},{"@type":"WebSite","@id":"https:\/\/krisscatering.pl\/#website","url":"https:\/\/krisscatering.pl\/","name":"Kriss Catering","description":"Pizza, obiady domowe, catering","potentialAction":[{"@type":"SearchAction","target":{"@type":"EntryPoint","urlTemplate":"https:\/\/krisscatering.pl\/?s={search_term_string}"},"query-input":"required name=search_term_string"}],"inLanguage":"pl-PL"},{"@type":"Person","@id":"https:\/\/krisscatering.pl\/#\/schema\/person\/05474c09f8d58351911f9b8d750036a7","name":"Kriss Catering","image":{"@type":"ImageObject","inLanguage":"pl-PL","@id":"https:\/\/krisscatering.pl\/#\/schema\/person\/image\/","url":"https:\/\/secure.gravatar.com\/avatar\/c30a2d92ffe24343d2b605bea4367ec3?s=96&d=mm&r=g","contentUrl":"https:\/\/secure.gravatar.com\/avatar\/c30a2d92ffe24343d2b605bea4367ec3?s=96&d=mm&r=g","caption":"Kriss Catering"},"url":"https:\/\/krisscatering.pl\/index.php\/author\/krisscateringo2-pl\/"}]}},"_links":{"self":[{"href":"https:\/\/krisscatering.pl\/index.php\/wp-json\/wp\/v2\/posts\/128"}],"collection":[{"href":"https:\/\/krisscatering.pl\/index.php\/wp-json\/wp\/v2\/posts"}],"about":[{"href":"https:\/\/krisscatering.pl\/index.php\/wp-json\/wp\/v2\/types\/post"}],"author":[{"embeddable":true,"href":"https:\/\/krisscatering.pl\/index.php\/wp-json\/wp\/v2\/users\/2"}],"replies":[{"embeddable":true,"href":"https:\/\/krisscatering.pl\/index.php\/wp-json\/wp\/v2\/comments?post=128"}],"version-history":[{"count":3,"href":"https:\/\/krisscatering.pl\/index.php\/wp-json\/wp\/v2\/posts\/128\/revisions"}],"predecessor-version":[{"id":133,"href":"https:\/\/krisscatering.pl\/index.php\/wp-json\/wp\/v2\/posts\/128\/revisions\/133"}],"wp:featuredmedia":[{"embeddable":true,"href":"https:\/\/krisscatering.pl\/index.php\/wp-json\/wp\/v2\/media\/129"}],"wp:attachment":[{"href":"https:\/\/krisscatering.pl\/index.php\/wp-json\/wp\/v2\/media?parent=128"}],"wp:term":[{"taxonomy":"category","embeddable":true,"href":"https:\/\/krisscatering.pl\/index.php\/wp-json\/wp\/v2\/categories?post=128"},{"taxonomy":"post_tag","embeddable":true,"href":"https:\/\/krisscatering.pl\/index.php\/wp-json\/wp\/v2\/tags?post=128"}],"curies":[{"name":"wp","href":"https:\/\/api.w.org\/{rel}","templated":true}]}}