{"id":387,"date":"2023-03-01T10:09:05","date_gmt":"2023-03-01T09:09:05","guid":{"rendered":"https:\/\/krisscatering.pl\/?p=387"},"modified":"2023-03-01T10:09:05","modified_gmt":"2023-03-01T09:09:05","slug":"dzien-cepelina-2-03-2023","status":"publish","type":"post","link":"https:\/\/krisscatering.pl\/index.php\/2023\/03\/01\/dzien-cepelina-2-03-2023\/","title":{"rendered":"Dzie\u0144 cepelina 2.03.2023"},"content":{"rendered":"<div class=\"x11i5rnm xat24cr x1mh8g0r x1vvkbs xdj266r x126k92a\">\n<div dir=\"auto\">Ju\u017c w czwartek 2.03 zapowiada si\u0119 wy\u015bmienita uczta<span class=\"x3nfvp2 x1j61x8r x1fcty0u xdj266r xhhsvwb xat24cr xgzva0m xxymvpz xlup9mm x1kky2od\"><img loading=\"lazy\" src=\"https:\/\/static.xx.fbcdn.net\/images\/emoji.php\/v9\/tf8\/2\/16\/203c.png\" alt=\"\u203c\ufe0f\" width=\"16\" height=\"16\" \/><\/span> <span class=\"x3nfvp2 x1j61x8r x1fcty0u xdj266r xhhsvwb xat24cr xgzva0m xxymvpz xlup9mm x1kky2od\"><img loading=\"lazy\" src=\"https:\/\/static.xx.fbcdn.net\/images\/emoji.php\/v9\/t9f\/2\/16\/1f60b.png\" alt=\"\ud83d\ude0b\" width=\"16\" height=\"16\" \/><\/span><\/div>\n<\/div>\n<div class=\"x11i5rnm xat24cr x1mh8g0r x1vvkbs xtlvy1s x126k92a\">\n<div dir=\"auto\">Zapraszamy na cepeliny z mi\u0119sem, kt\u00f3re s\u0105 przygotowywane z najlepszych sk\u0142adnik\u00f3w, z dba\u0142o\u015bci\u0105 o jako\u015b\u0107 i smak potrawy. <span class=\"x3nfvp2 x1j61x8r x1fcty0u xdj266r xhhsvwb xat24cr xgzva0m xxymvpz xlup9mm x1kky2od\"><img loading=\"lazy\" src=\"https:\/\/static.xx.fbcdn.net\/images\/emoji.php\/v9\/t7\/2\/16\/1f374.png\" alt=\"\ud83c\udf74\" width=\"16\" height=\"16\" \/><\/span><span class=\"x3nfvp2 x1j61x8r x1fcty0u xdj266r xhhsvwb xat24cr xgzva0m xxymvpz xlup9mm x1kky2od\"><img loading=\"lazy\" src=\"https:\/\/static.xx.fbcdn.net\/images\/emoji.php\/v9\/teb\/2\/16\/1f642.png\" alt=\"\ud83d\ude42\" width=\"16\" height=\"16\" \/><\/span><\/div>\n<\/div>\n<div class=\"x11i5rnm xat24cr x1mh8g0r x1vvkbs xtlvy1s x126k92a\">\n<div dir=\"auto\">Je\u015bli chcesz spr\u00f3bowa\u0107 prawdziwych, cepelin\u00f3w z mi\u0119sem, to zadzwo\u0144 i zam\u00f3w w Kriss Catering te wyj\u0105tkowe regionalne danie<span class=\"x3nfvp2 x1j61x8r x1fcty0u xdj266r xhhsvwb xat24cr xgzva0m xxymvpz xlup9mm x1kky2od\"><img loading=\"lazy\" src=\"https:\/\/static.xx.fbcdn.net\/images\/emoji.php\/v9\/tec\/2\/16\/1f4de.png\" alt=\"\ud83d\udcde\" width=\"16\" height=\"16\" \/><\/span> <span class=\"x3nfvp2 x1j61x8r x1fcty0u xdj266r xhhsvwb xat24cr xgzva0m xxymvpz xlup9mm x1kky2od\"><img loading=\"lazy\" src=\"https:\/\/static.xx.fbcdn.net\/images\/emoji.php\/v9\/t37\/2\/16\/1f37d.png\" alt=\"\ud83c\udf7d\" width=\"16\" height=\"16\" \/><\/span><\/div>\n<\/div>\n<div class=\"x11i5rnm xat24cr x1mh8g0r x1vvkbs xtlvy1s x126k92a\">\n<div dir=\"auto\">Proponujemy aromatyczne cepeliny- cena 1 szt. &#8211; 12z\u0142<\/div>\n<div dir=\"auto\">dodatkowo zach\u0119camy do wyboru kapusty kiszonej lub og\u00f3rka kruszewskiego w cenie 5.00 z\u0142<\/div>\n<\/div>\n<div class=\"x11i5rnm xat24cr x1mh8g0r x1vvkbs xtlvy1s x126k92a\">\n<div dir=\"auto\">Aby u\u0142atwi\u0107 Wam zaplanowanie uczty, zam\u00f3wienie mo\u017cecie sk\u0142ada\u0107 ju\u017c od dzisiaj <span class=\"x3nfvp2 x1j61x8r x1fcty0u xdj266r xhhsvwb xat24cr xgzva0m xxymvpz xlup9mm x1kky2od\"><img loading=\"lazy\" src=\"https:\/\/static.xx.fbcdn.net\/images\/emoji.php\/v9\/teb\/2\/16\/1f642.png\" alt=\"\ud83d\ude42\" width=\"16\" height=\"16\" \/><\/span><\/div>\n<div dir=\"auto\">Uwaga<span class=\"x3nfvp2 x1j61x8r x1fcty0u xdj266r xhhsvwb xat24cr xgzva0m xxymvpz xlup9mm x1kky2od\"><img loading=\"lazy\" src=\"https:\/\/static.xx.fbcdn.net\/images\/emoji.php\/v9\/tf8\/2\/16\/203c.png\" alt=\"\u203c\ufe0f\" width=\"16\" height=\"16\" \/><\/span>Ilo\u015b\u0107 porcji jest ograniczona.<\/div>\n<div dir=\"auto\">________________________<\/div>\n<div dir=\"auto\"><span class=\"x3nfvp2 x1j61x8r x1fcty0u xdj266r xhhsvwb xat24cr xgzva0m xxymvpz xlup9mm x1kky2od\"><img loading=\"lazy\" src=\"https:\/\/static.xx.fbcdn.net\/images\/emoji.php\/v9\/tec\/2\/16\/1f4de.png\" alt=\"\ud83d\udcde\" width=\"16\" height=\"16\" \/><\/span> 516-188-807<\/div>\n<div dir=\"auto\"><span class=\"x3nfvp2 x1j61x8r x1fcty0u xdj266r xhhsvwb xat24cr xgzva0m xxymvpz xlup9mm x1kky2od\"><img loading=\"lazy\" src=\"https:\/\/static.xx.fbcdn.net\/images\/emoji.php\/v9\/t5d\/2\/16\/26a0.png\" alt=\"\u26a0\" width=\"16\" height=\"16\" \/><\/span>Wa\u017cne informacje<span class=\"x3nfvp2 x1j61x8r x1fcty0u xdj266r xhhsvwb xat24cr xgzva0m xxymvpz xlup9mm x1kky2od\"><img loading=\"lazy\" src=\"https:\/\/static.xx.fbcdn.net\/images\/emoji.php\/v9\/t5d\/2\/16\/26a0.png\" alt=\"\u26a0\" width=\"16\" height=\"16\" \/><\/span><\/div>\n<div dir=\"auto\"><span class=\"x3nfvp2 x1j61x8r x1fcty0u xdj266r xhhsvwb xat24cr xgzva0m xxymvpz xlup9mm x1kky2od\"><img loading=\"lazy\" src=\"https:\/\/static.xx.fbcdn.net\/images\/emoji.php\/v9\/tf0\/2\/16\/1f449.png\" alt=\"\ud83d\udc49\" width=\"16\" height=\"16\" \/><\/span>Odbi\u00f3r zam\u00f3wie\u0144 w naszym lokalu w Choroszczy na ul. Powstania Styczniowego 14A<\/div>\n<div dir=\"auto\"><span class=\"x3nfvp2 x1j61x8r x1fcty0u xdj266r xhhsvwb xat24cr xgzva0m xxymvpz xlup9mm x1kky2od\"><img loading=\"lazy\" src=\"https:\/\/static.xx.fbcdn.net\/images\/emoji.php\/v9\/t7e\/2\/16\/1f4b5.png\" alt=\"\ud83d\udcb5\" width=\"16\" height=\"16\" \/><\/span><span class=\"x3nfvp2 x1j61x8r x1fcty0u xdj266r xhhsvwb xat24cr xgzva0m xxymvpz xlup9mm x1kky2od\"><img loading=\"lazy\" src=\"https:\/\/static.xx.fbcdn.net\/images\/emoji.php\/v9\/t7c\/2\/16\/1f4b3.png\" alt=\"\ud83d\udcb3\" width=\"16\" height=\"16\" \/><\/span>p\u0142atno\u015b\u0107 got\u00f3wk\u0105 oraz kart\u0105<\/div>\n<div dir=\"auto\"><span class=\"x3nfvp2 x1j61x8r x1fcty0u xdj266r xhhsvwb xat24cr xgzva0m xxymvpz xlup9mm x1kky2od\"><img loading=\"lazy\" src=\"https:\/\/static.xx.fbcdn.net\/images\/emoji.php\/v9\/t54\/2\/16\/1f469_200d_1f373.png\" alt=\"\ud83d\udc69\u200d\ud83c\udf73\" width=\"16\" height=\"16\" \/><\/span>Pe\u0142ne menu <span class=\"x3nfvp2 x1j61x8r x1fcty0u xdj266r xhhsvwb xat24cr xgzva0m xxymvpz xlup9mm x1kky2od\"><img loading=\"lazy\" src=\"https:\/\/static.xx.fbcdn.net\/images\/emoji.php\/v9\/tf0\/2\/16\/1f449.png\" alt=\"\ud83d\udc49\" width=\"16\" height=\"16\" \/><\/span><a class=\"x1i10hfl xjbqb8w x6umtig x1b1mbwd xaqea5y xav7gou x9f619 x1ypdohk xt0psk2 xe8uvvx xdj266r x11i5rnm xat24cr x1mh8g0r xexx8yu x4uap5 x18d9i69 xkhd6sd x16tdsg8 x1hl2dhg xggy1nq x1a2a7pz xt0b8zv x1fey0fg\" tabindex=\"0\" role=\"link\" href=\"https:\/\/krisscatering.pl\/?fbclid=IwAR0fuoTL_KDtSgg3DBcZspia1J2Y6LvZGDUkJkrInlqpw0cuARbqBja7M7w\" target=\"_blank\" rel=\"nofollow noopener\">https:\/\/krisscatering.pl\/<\/a><\/div>\n<\/div>\n","protected":false},"excerpt":{"rendered":"<p>Ju\u017c w czwartek 2.03 zapowiada si\u0119 wy\u015bmienita uczta Zapraszamy na cepeliny z mi\u0119sem, kt\u00f3re s\u0105 przygotowywane z najlepszych sk\u0142adnik\u00f3w, z dba\u0142o\u015bci\u0105 o jako\u015b\u0107 i smak potrawy. Je\u015bli chcesz spr\u00f3bowa\u0107 prawdziwych, cepelin\u00f3w z mi\u0119sem, to zadzwo\u0144 i zam\u00f3w w Kriss Catering te wyj\u0105tkowe regionalne danie Proponujemy aromatyczne cepeliny- cena 1 szt. &#8211; 12z\u0142 dodatkowo zach\u0119camy do [&hellip;]<\/p>\n","protected":false},"author":2,"featured_media":388,"comment_status":"open","ping_status":"open","sticky":false,"template":"","format":"standard","meta":{"_et_pb_use_builder":"","_et_pb_old_content":"","_et_gb_content_width":""},"categories":[3],"tags":[],"yoast_head":"<!-- This site is optimized with the Yoast SEO plugin v19.6 - https:\/\/yoast.com\/wordpress\/plugins\/seo\/ -->\n<title>Dzie\u0144 cepelina 2.03.2023 - Kriss Catering<\/title>\n<meta name=\"robots\" content=\"index, follow, max-snippet:-1, max-image-preview:large, max-video-preview:-1\" \/>\n<link rel=\"canonical\" href=\"https:\/\/krisscatering.pl\/index.php\/2023\/03\/01\/dzien-cepelina-2-03-2023\/\" \/>\n<meta property=\"og:locale\" content=\"pl_PL\" \/>\n<meta property=\"og:type\" content=\"article\" \/>\n<meta property=\"og:title\" content=\"Dzie\u0144 cepelina 2.03.2023 - Kriss Catering\" \/>\n<meta property=\"og:description\" content=\"Ju\u017c w czwartek 2.03 zapowiada si\u0119 wy\u015bmienita uczta Zapraszamy na cepeliny z mi\u0119sem, kt\u00f3re s\u0105 przygotowywane z najlepszych sk\u0142adnik\u00f3w, z dba\u0142o\u015bci\u0105 o jako\u015b\u0107 i smak potrawy. Je\u015bli chcesz spr\u00f3bowa\u0107 prawdziwych, cepelin\u00f3w z mi\u0119sem, to zadzwo\u0144 i zam\u00f3w w Kriss Catering te wyj\u0105tkowe regionalne danie Proponujemy aromatyczne cepeliny- cena 1 szt. &#8211; 12z\u0142 dodatkowo zach\u0119camy do [&hellip;]\" \/>\n<meta property=\"og:url\" content=\"https:\/\/krisscatering.pl\/index.php\/2023\/03\/01\/dzien-cepelina-2-03-2023\/\" \/>\n<meta property=\"og:site_name\" content=\"Kriss Catering\" \/>\n<meta property=\"article:published_time\" content=\"2023-03-01T09:09:05+00:00\" \/>\n<meta property=\"og:image\" content=\"https:\/\/krisscatering.pl\/wp-content\/uploads\/2023\/03\/140537308_885841818832613_3607795632022425175_n.jpg\" \/>\n\t<meta property=\"og:image:width\" content=\"600\" \/>\n\t<meta property=\"og:image:height\" content=\"503\" \/>\n\t<meta property=\"og:image:type\" content=\"image\/jpeg\" \/>\n<meta name=\"author\" content=\"Kriss Catering\" \/>\n<meta name=\"twitter:card\" content=\"summary_large_image\" \/>\n<meta name=\"twitter:label1\" content=\"Napisane przez\" \/>\n\t<meta name=\"twitter:data1\" content=\"Kriss Catering\" \/>\n\t<meta name=\"twitter:label2\" content=\"Szacowany czas czytania\" \/>\n\t<meta name=\"twitter:data2\" content=\"4 minuty\" \/>\n<script type=\"application\/ld+json\" class=\"yoast-schema-graph\">{\"@context\":\"https:\/\/schema.org\",\"@graph\":[{\"@type\":\"WebPage\",\"@id\":\"https:\/\/krisscatering.pl\/index.php\/2023\/03\/01\/dzien-cepelina-2-03-2023\/\",\"url\":\"https:\/\/krisscatering.pl\/index.php\/2023\/03\/01\/dzien-cepelina-2-03-2023\/\",\"name\":\"Dzie\u0144 cepelina 2.03.2023 - Kriss Catering\",\"isPartOf\":{\"@id\":\"https:\/\/krisscatering.pl\/#website\"},\"datePublished\":\"2023-03-01T09:09:05+00:00\",\"dateModified\":\"2023-03-01T09:09:05+00:00\",\"author\":{\"@id\":\"https:\/\/krisscatering.pl\/#\/schema\/person\/05474c09f8d58351911f9b8d750036a7\"},\"breadcrumb\":{\"@id\":\"https:\/\/krisscatering.pl\/index.php\/2023\/03\/01\/dzien-cepelina-2-03-2023\/#breadcrumb\"},\"inLanguage\":\"pl-PL\",\"potentialAction\":[{\"@type\":\"ReadAction\",\"target\":[\"https:\/\/krisscatering.pl\/index.php\/2023\/03\/01\/dzien-cepelina-2-03-2023\/\"]}]},{\"@type\":\"BreadcrumbList\",\"@id\":\"https:\/\/krisscatering.pl\/index.php\/2023\/03\/01\/dzien-cepelina-2-03-2023\/#breadcrumb\",\"itemListElement\":[{\"@type\":\"ListItem\",\"position\":1,\"name\":\"Strona g\u0142\u00f3wna\",\"item\":\"https:\/\/krisscatering.pl\/\"},{\"@type\":\"ListItem\",\"position\":2,\"name\":\"Dzie\u0144 cepelina 2.03.2023\"}]},{\"@type\":\"WebSite\",\"@id\":\"https:\/\/krisscatering.pl\/#website\",\"url\":\"https:\/\/krisscatering.pl\/\",\"name\":\"Kriss Catering\",\"description\":\"Pizza, obiady domowe, catering\",\"potentialAction\":[{\"@type\":\"SearchAction\",\"target\":{\"@type\":\"EntryPoint\",\"urlTemplate\":\"https:\/\/krisscatering.pl\/?s={search_term_string}\"},\"query-input\":\"required name=search_term_string\"}],\"inLanguage\":\"pl-PL\"},{\"@type\":\"Person\",\"@id\":\"https:\/\/krisscatering.pl\/#\/schema\/person\/05474c09f8d58351911f9b8d750036a7\",\"name\":\"Kriss Catering\",\"image\":{\"@type\":\"ImageObject\",\"inLanguage\":\"pl-PL\",\"@id\":\"https:\/\/krisscatering.pl\/#\/schema\/person\/image\/\",\"url\":\"https:\/\/secure.gravatar.com\/avatar\/c30a2d92ffe24343d2b605bea4367ec3?s=96&d=mm&r=g\",\"contentUrl\":\"https:\/\/secure.gravatar.com\/avatar\/c30a2d92ffe24343d2b605bea4367ec3?s=96&d=mm&r=g\",\"caption\":\"Kriss Catering\"},\"url\":\"https:\/\/krisscatering.pl\/index.php\/author\/krisscateringo2-pl\/\"}]}<\/script>\n<!-- \/ Yoast SEO plugin. -->","yoast_head_json":{"title":"Dzie\u0144 cepelina 2.03.2023 - Kriss Catering","robots":{"index":"index","follow":"follow","max-snippet":"max-snippet:-1","max-image-preview":"max-image-preview:large","max-video-preview":"max-video-preview:-1"},"canonical":"https:\/\/krisscatering.pl\/index.php\/2023\/03\/01\/dzien-cepelina-2-03-2023\/","og_locale":"pl_PL","og_type":"article","og_title":"Dzie\u0144 cepelina 2.03.2023 - Kriss Catering","og_description":"Ju\u017c w czwartek 2.03 zapowiada si\u0119 wy\u015bmienita uczta Zapraszamy na cepeliny z mi\u0119sem, kt\u00f3re s\u0105 przygotowywane z najlepszych sk\u0142adnik\u00f3w, z dba\u0142o\u015bci\u0105 o jako\u015b\u0107 i smak potrawy. Je\u015bli chcesz spr\u00f3bowa\u0107 prawdziwych, cepelin\u00f3w z mi\u0119sem, to zadzwo\u0144 i zam\u00f3w w Kriss Catering te wyj\u0105tkowe regionalne danie Proponujemy aromatyczne cepeliny- cena 1 szt. &#8211; 12z\u0142 dodatkowo zach\u0119camy do [&hellip;]","og_url":"https:\/\/krisscatering.pl\/index.php\/2023\/03\/01\/dzien-cepelina-2-03-2023\/","og_site_name":"Kriss Catering","article_published_time":"2023-03-01T09:09:05+00:00","og_image":[{"width":600,"height":503,"url":"https:\/\/krisscatering.pl\/wp-content\/uploads\/2023\/03\/140537308_885841818832613_3607795632022425175_n.jpg","type":"image\/jpeg"}],"author":"Kriss Catering","twitter_card":"summary_large_image","twitter_misc":{"Napisane przez":"Kriss Catering","Szacowany czas czytania":"4 minuty"},"schema":{"@context":"https:\/\/schema.org","@graph":[{"@type":"WebPage","@id":"https:\/\/krisscatering.pl\/index.php\/2023\/03\/01\/dzien-cepelina-2-03-2023\/","url":"https:\/\/krisscatering.pl\/index.php\/2023\/03\/01\/dzien-cepelina-2-03-2023\/","name":"Dzie\u0144 cepelina 2.03.2023 - Kriss Catering","isPartOf":{"@id":"https:\/\/krisscatering.pl\/#website"},"datePublished":"2023-03-01T09:09:05+00:00","dateModified":"2023-03-01T09:09:05+00:00","author":{"@id":"https:\/\/krisscatering.pl\/#\/schema\/person\/05474c09f8d58351911f9b8d750036a7"},"breadcrumb":{"@id":"https:\/\/krisscatering.pl\/index.php\/2023\/03\/01\/dzien-cepelina-2-03-2023\/#breadcrumb"},"inLanguage":"pl-PL","potentialAction":[{"@type":"ReadAction","target":["https:\/\/krisscatering.pl\/index.php\/2023\/03\/01\/dzien-cepelina-2-03-2023\/"]}]},{"@type":"BreadcrumbList","@id":"https:\/\/krisscatering.pl\/index.php\/2023\/03\/01\/dzien-cepelina-2-03-2023\/#breadcrumb","itemListElement":[{"@type":"ListItem","position":1,"name":"Strona g\u0142\u00f3wna","item":"https:\/\/krisscatering.pl\/"},{"@type":"ListItem","position":2,"name":"Dzie\u0144 cepelina 2.03.2023"}]},{"@type":"WebSite","@id":"https:\/\/krisscatering.pl\/#website","url":"https:\/\/krisscatering.pl\/","name":"Kriss Catering","description":"Pizza, obiady domowe, catering","potentialAction":[{"@type":"SearchAction","target":{"@type":"EntryPoint","urlTemplate":"https:\/\/krisscatering.pl\/?s={search_term_string}"},"query-input":"required name=search_term_string"}],"inLanguage":"pl-PL"},{"@type":"Person","@id":"https:\/\/krisscatering.pl\/#\/schema\/person\/05474c09f8d58351911f9b8d750036a7","name":"Kriss Catering","image":{"@type":"ImageObject","inLanguage":"pl-PL","@id":"https:\/\/krisscatering.pl\/#\/schema\/person\/image\/","url":"https:\/\/secure.gravatar.com\/avatar\/c30a2d92ffe24343d2b605bea4367ec3?s=96&d=mm&r=g","contentUrl":"https:\/\/secure.gravatar.com\/avatar\/c30a2d92ffe24343d2b605bea4367ec3?s=96&d=mm&r=g","caption":"Kriss Catering"},"url":"https:\/\/krisscatering.pl\/index.php\/author\/krisscateringo2-pl\/"}]}},"_links":{"self":[{"href":"https:\/\/krisscatering.pl\/index.php\/wp-json\/wp\/v2\/posts\/387"}],"collection":[{"href":"https:\/\/krisscatering.pl\/index.php\/wp-json\/wp\/v2\/posts"}],"about":[{"href":"https:\/\/krisscatering.pl\/index.php\/wp-json\/wp\/v2\/types\/post"}],"author":[{"embeddable":true,"href":"https:\/\/krisscatering.pl\/index.php\/wp-json\/wp\/v2\/users\/2"}],"replies":[{"embeddable":true,"href":"https:\/\/krisscatering.pl\/index.php\/wp-json\/wp\/v2\/comments?post=387"}],"version-history":[{"count":1,"href":"https:\/\/krisscatering.pl\/index.php\/wp-json\/wp\/v2\/posts\/387\/revisions"}],"predecessor-version":[{"id":389,"href":"https:\/\/krisscatering.pl\/index.php\/wp-json\/wp\/v2\/posts\/387\/revisions\/389"}],"wp:featuredmedia":[{"embeddable":true,"href":"https:\/\/krisscatering.pl\/index.php\/wp-json\/wp\/v2\/media\/388"}],"wp:attachment":[{"href":"https:\/\/krisscatering.pl\/index.php\/wp-json\/wp\/v2\/media?parent=387"}],"wp:term":[{"taxonomy":"category","embeddable":true,"href":"https:\/\/krisscatering.pl\/index.php\/wp-json\/wp\/v2\/categories?post=387"},{"taxonomy":"post_tag","embeddable":true,"href":"https:\/\/krisscatering.pl\/index.php\/wp-json\/wp\/v2\/tags?post=387"}],"curies":[{"name":"wp","href":"https:\/\/api.w.org\/{rel}","templated":true}]}}